{"id":13943,"date":"2026-03-05T11:11:06","date_gmt":"2026-03-05T10:11:06","guid":{"rendered":"https:\/\/verasturies.com\/?p=13943"},"modified":"2026-03-05T11:11:08","modified_gmt":"2026-03-05T10:11:08","slug":"bustiello-una-mirada-al-pasado-minero","status":"publish","type":"post","link":"https:\/\/verasturies.com\/ast_ast\/bustiello-una-mirada-al-pasado-minero\/","title":{"rendered":"Bustiello, una mirada al pas\u00e1u mineru"},"content":{"rendered":"<p>Nel valle del r\u00edu Ayer, nel conceyu de Mieres, caltiense unu de los conxuntos m\u00e1s singulares del patrimoniu industrial espa\u00f1ol. El pobl\u00e1u mineru de Bustiello constit\u00fai un exemplu escepcional d'urbanismu plani\u00e1u vencey\u00e1u a la esplotaci\u00f3n del carb\u00f3n a finales del sieglu XIX y empiezos del XX. El so traz\u00e1u, la so arquitectura y la so organizaci\u00f3n social convi\u00e9rtenlu nun enclave de referencia pa entender la hestoria minera d'Asturies.<\/p>\n\n\n\n<h3 class=\"wp-block-heading\">Un modelu de colonia industrial<\/h3>\n\n\n\n<p>Bustiello promovi\u00f3lu la Socied\u00e1 Hullera Espa\u00f1ola a partir de 1890, col impulsu empresarial de Claudio L\u00f3pez Bru. L'oxetivu yera crear un n\u00facleu residencial estable pa trabayadores, t\u00e9cnicos ya inxenieros venceyaos a l'activid\u00e1 extractiva na cuenca del Ayer.<\/p>\n\n\n\n<p>El pobl\u00e1u respuende al modelu de colonia industrial\u201d o \u201cciud\u00e1 xard\u00edn\u201d aplicada a la redolada minera. La empresa non solo apurr\u00eda empl\u00e9u, sin\u00f3n tami\u00e9n vivienda y servicios b\u00e1sicos, configurando un sistema nel que trabayu y vida cotidiana desenvolv\u00edense nun mesmu espaciu plani\u00e1u. La xerarqu\u00eda llaboral refl\u00e9xase na disposici\u00f3n y tipolox\u00eda de les viviendes, estremaes seg\u00fan la categor\u00eda profesional de los sos habitantes.<\/p>\n\n\n\n<p>El conxuntu calti\u00e9n una notable coherencia est\u00e9tica y urban\u00edstica. Cais ordenaes, viviendes adosaes pa obreros, xal\u00e9s pa personal t\u00e9cnicu y edificios comu\u00f1ales componen una imaxe homox\u00e9nea y f\u00e1cilmente reconocible. Ente los elementos m\u00e1s destacaos at\u00f3pase la Ilesia de San Cloyo, d'estilu neorrom\u00e1nicu, unu de los s\u00edmbolos del pobl\u00e1u tanto pol so valor art\u00edsticu como pola so funci\u00f3n social na vida de la colonia. Frente a ella ta'l monumentu dedic\u00e1u al promotor del conxuntu, inaugur\u00e1u en 1925 como reconocencia a la so figura. L'antiguu casinu, les escueles, l'economatu y otros equipamientos completaben la infraestructura social del pobl\u00e1u, garantizando servicios educativos, sanitarios y d'ociu nuna redolada aisllada de los grandes n\u00facleos urbanos.<\/p>\n\n\n\n<figure class=\"wp-block-gallery has-nested-images columns-default is-cropped wp-block-gallery-1 is-layout-flex wp-block-gallery-is-layout-flex\">\n<figure class=\"wp-block-image size-large\"><img fetchpriority=\"high\" decoding=\"async\" width=\"1024\" height=\"678\" data-id=\"13979\" src=\"https:\/\/verasturies.com\/wp-content\/uploads\/2026\/03\/Bustiello-1024x678.jpg\" alt=\"\" class=\"wp-image-13979\" srcset=\"https:\/\/verasturies.com\/wp-content\/uploads\/2026\/03\/Bustiello-1024x678.jpg 1024w, https:\/\/verasturies.com\/wp-content\/uploads\/2026\/03\/Bustiello-300x199.jpg 300w, https:\/\/verasturies.com\/wp-content\/uploads\/2026\/03\/Bustiello-768x509.jpg 768w, https:\/\/verasturies.com\/wp-content\/uploads\/2026\/03\/Bustiello-1536x1017.jpg 1536w, https:\/\/verasturies.com\/wp-content\/uploads\/2026\/03\/Bustiello-2048x1356.jpg 2048w, https:\/\/verasturies.com\/wp-content\/uploads\/2026\/03\/Bustiello-18x12.jpg 18w, https:\/\/verasturies.com\/wp-content\/uploads\/2026\/03\/Bustiello-585x387.jpg 585w\" sizes=\"(max-width: 1024px) 100vw, 1024px\" \/><\/figure>\n<\/figure>\n\n\n\n<h3 class=\"wp-block-heading\">Reconocencia patrimonial<\/h3>\n\n\n\n<p>En 2017, Bustiello declar\u00f3se Bien d'Inter\u00e9s Cultural na categor\u00eda de Conxuntu Hist\u00f3ricu, consolidando la so protecci\u00f3n y sorrayando la so relevancia dientro del patrimoniu industrial asturianu y espa\u00f1ol. Esta catalogaci\u00f3n reconoz tanto'l so valor arquitect\u00f3nicu como la so importancia hist\u00f3rica y social. G\u00fcei, el pobl\u00e1u constit\u00fai unu de los exemplos meyor calten\u00edos d'urbanismu mineru n'Espa\u00f1a, dexando al visitante percorrer un espaciu que caltien la so fisonom\u00eda orixinal y la so identid\u00e1 hist\u00f3rica.<\/p>\n\n\n\n<h3 class=\"wp-block-heading\">Centru d'Interpretaci\u00f3n y visita<\/h3>\n\n\n\n<p>El Centru d'Interpretaci\u00f3n del Pobl\u00e1u Mineru de Bustiello, allug\u00e1u nunu de los antiguos edificios rehabilitaos, ufierta informaci\u00f3n detallada sobre la esplotaci\u00f3n del carb\u00f3n, la organizaci\u00f3n empresarial y la vida cotidiana na colonia. Les visites guiaes dexen contestualizar el percorr\u00edu y entender la dimensi\u00f3n social y econ\u00f3mica del enclave. La esperiencia tur\u00edstica combina patrimoniu, paisaxe y memoria hist\u00f3rica. La redolada natural del valle del Ayer y la proximid\u00e1 a otros recursos culturales de Mieres convierten a Bustiello nuna parada imprescindible pa quien deseyen conocer l'Asturies minera dende una perspectiva rigorosa y accesible.<\/p>","protected":false},"excerpt":{"rendered":"<p>En el valle del r\u00edo Aller, en el concejo de Mieres, se conserva uno de los conjuntos m\u00e1s singulares del patrimonio industrial espa\u00f1ol. El poblado minero de Bustiello constituye un ejemplo excepcional de urbanismo planificado vinculado a la explotaci\u00f3n del carb\u00f3n a finales del siglo&#8230;<\/p>","protected":false},"author":1,"featured_media":13980,"comment_status":"open","ping_status":"open","sticky":false,"template":"","format":"standard","meta":{"footnotes":""},"categories":[1],"tags":[],"class_list":["post-13943","post","type-post","status-publish","format-standard","has-post-thumbnail","hentry","category-curiosidades-curiosidades"],"amp_enabled":true,"_links":{"self":[{"href":"https:\/\/verasturies.com\/ast_ast\/wp-json\/wp\/v2\/posts\/13943","targetHints":{"allow":["GET"]}}],"collection":[{"href":"https:\/\/verasturies.com\/ast_ast\/wp-json\/wp\/v2\/posts"}],"about":[{"href":"https:\/\/verasturies.com\/ast_ast\/wp-json\/wp\/v2\/types\/post"}],"author":[{"embeddable":true,"href":"https:\/\/verasturies.com\/ast_ast\/wp-json\/wp\/v2\/users\/1"}],"replies":[{"embeddable":true,"href":"https:\/\/verasturies.com\/ast_ast\/wp-json\/wp\/v2\/comments?post=13943"}],"version-history":[{"count":6,"href":"https:\/\/verasturies.com\/ast_ast\/wp-json\/wp\/v2\/posts\/13943\/revisions"}],"predecessor-version":[{"id":13981,"href":"https:\/\/verasturies.com\/ast_ast\/wp-json\/wp\/v2\/posts\/13943\/revisions\/13981"}],"wp:featuredmedia":[{"embeddable":true,"href":"https:\/\/verasturies.com\/ast_ast\/wp-json\/wp\/v2\/media\/13980"}],"wp:attachment":[{"href":"https:\/\/verasturies.com\/ast_ast\/wp-json\/wp\/v2\/media?parent=13943"}],"wp:term":[{"taxonomy":"category","embeddable":true,"href":"https:\/\/verasturies.com\/ast_ast\/wp-json\/wp\/v2\/categories?post=13943"},{"taxonomy":"post_tag","embeddable":true,"href":"https:\/\/verasturies.com\/ast_ast\/wp-json\/wp\/v2\/tags?post=13943"}],"curies":[{"name":"wp","href":"https:\/\/api.w.org\/{rel}","templated":true}]}}