{"id":2646,"date":"2020-10-08T14:34:04","date_gmt":"2020-10-08T14:34:04","guid":{"rendered":"https:\/\/verasturies.com\/?p=2646"},"modified":"2020-10-08T14:34:06","modified_gmt":"2020-10-08T14:34:06","slug":"silvia-quesada-presenta-en-tineu-el-disco-prefiero-ver-llover","status":"publish","type":"post","link":"https:\/\/verasturies.com\/ast_ast\/silvia-quesada-presenta-en-tineu-el-disco-prefiero-ver-llover\/","title":{"rendered":"Silvia Quesada presenta en Tin\u00e9u el disco &#8220;Prefiero ver llover&#8221;"},"content":{"rendered":"<p>Silvia Quesada regresa a su Tineu natal este s\u00e1bado, a presentar su reciente trabajo &#8220;Prefiero ver llover&#8221; en formato ac\u00fastico en el <strong>Cine Marvi de Tin\u00e9u<\/strong>. La cita tendr\u00e1 lugar el <strong>s\u00e1badu 10 d\u2019ochobre a les 19:00<\/strong>. <strong>Les entraes van poder garrase una hora enantes de baldre,<\/strong>y van tener un <strong>aforu llimit\u00e1u deb\u00edo al protocolu COVID.<\/strong><\/p>\n\n\n\n<p>En el \u00faltimo concierto que ofreci\u00f3 a sus vecinos, poniendo fin a la gira de su primer disco en solitario, agotaba\u00a0semanas antes las entradas en un Palacio Mer\u00e1s que estuvo hasta arriba de gente. Un\u00a0concierto en el que la acompa\u00f1aron Nacho Vegas, Marisa Valle Roso y Javi Vallina (del grupo &#8220;Bueno&#8221;).\u00a0<\/p>\n\n\n\n<figure class=\"wp-block-image size-large\"><img fetchpriority=\"high\" decoding=\"async\" width=\"1024\" height=\"683\" src=\"https:\/\/verasturies.com\/wp-content\/uploads\/2020\/10\/Silvia-Quesada-promo-1024x683.jpg\" alt=\"\" class=\"wp-image-2647\" srcset=\"https:\/\/verasturies.com\/wp-content\/uploads\/2020\/10\/Silvia-Quesada-promo-1024x683.jpg 1024w, https:\/\/verasturies.com\/wp-content\/uploads\/2020\/10\/Silvia-Quesada-promo-300x200.jpg 300w, https:\/\/verasturies.com\/wp-content\/uploads\/2020\/10\/Silvia-Quesada-promo-768x512.jpg 768w, https:\/\/verasturies.com\/wp-content\/uploads\/2020\/10\/Silvia-Quesada-promo-1536x1024.jpg 1536w, https:\/\/verasturies.com\/wp-content\/uploads\/2020\/10\/Silvia-Quesada-promo-2048x1365.jpg 2048w, https:\/\/verasturies.com\/wp-content\/uploads\/2020\/10\/Silvia-Quesada-promo-585x390.jpg 585w\" sizes=\"(max-width: 1024px) 100vw, 1024px\" \/><\/figure>\n\n\n\n<p>Tras el \u00e9xito de su primer disco en solitario &#8220;La pena Abierta&#8221;, a principios de este a\u00f1o publica &#8220;Prefiero ver llover&#8221; (<em>Premio Amas &#8220;Mejor Disco Otras escenas&#8221;<\/em>), un trabayu qu\u2019incl\u00fai el single<strong>\u00a0&#8220;La mesma revoluci\u00f3n&#8221;<\/strong>, un cantar feminista de corte pop, pens\u00e1u pa remover conciencies.\u00a0<\/p>\n\n\n\n<figure class=\"wp-block-embed-youtube wp-block-embed is-type-video is-provider-youtube wp-embed-aspect-16-9 wp-has-aspect-ratio\"><div class=\"wp-block-embed__wrapper\">\n<iframe title=\"Silvia Quesada \ud83d\udc9c La Mesma Revoluci\u00f3n (Videoclip Oficial)\" width=\"500\" height=\"281\" src=\"https:\/\/www.youtube.com\/embed\/7SijprbKa1M?feature=oembed\" frameborder=\"0\" allow=\"accelerometer; autoplay; clipboard-write; encrypted-media; gyroscope; picture-in-picture; web-share\" referrerpolicy=\"strict-origin-when-cross-origin\" allowfullscreen><\/iframe>\n<\/div><\/figure>\n\n\n\n<p>Silvia Quesada ye una de les grandes voces del folk y el pop n\u2019Asturies con una\ntrayectoria granible a pesar de la so moced\u00e1. La so voz nun ye nueva pa los oy\u00edos de\nneng\u00fan de los aficionaos a la m\u00fasica asturiana y n'asturianu de los \u00faltimos a\u00f1os.<\/p>","protected":false},"excerpt":{"rendered":"<p>Silvia Quesada regresa a su Tineu natal este s\u00e1bado, a presentar su reciente trabajo &#8220;Prefiero ver llover&#8221; en formato ac\u00fastico en el Cine Marvi de Tin\u00e9u. La cita tendr\u00e1 lugar el s\u00e1bado 10 de octubre a las 19:00. Las entradas podr\u00e1n recogerse una hora antes&#8230;<\/p>","protected":false},"author":1,"featured_media":2647,"comment_status":"open","ping_status":"open","sticky":false,"template":"","format":"standard","meta":{"footnotes":""},"categories":[229,280],"tags":[334,335,241,333,317],"class_list":["post-2646","post","type-post","status-publish","format-standard","has-post-thumbnail","hentry","category-agenda","category-actualidad","tag-concierto","tag-disco","tag-musica","tag-silvia-quesada","tag-tineu"],"amp_enabled":true,"_links":{"self":[{"href":"https:\/\/verasturies.com\/ast_ast\/wp-json\/wp\/v2\/posts\/2646","targetHints":{"allow":["GET"]}}],"collection":[{"href":"https:\/\/verasturies.com\/ast_ast\/wp-json\/wp\/v2\/posts"}],"about":[{"href":"https:\/\/verasturies.com\/ast_ast\/wp-json\/wp\/v2\/types\/post"}],"author":[{"embeddable":true,"href":"https:\/\/verasturies.com\/ast_ast\/wp-json\/wp\/v2\/users\/1"}],"replies":[{"embeddable":true,"href":"https:\/\/verasturies.com\/ast_ast\/wp-json\/wp\/v2\/comments?post=2646"}],"version-history":[{"count":0,"href":"https:\/\/verasturies.com\/ast_ast\/wp-json\/wp\/v2\/posts\/2646\/revisions"}],"wp:featuredmedia":[{"embeddable":true,"href":"https:\/\/verasturies.com\/ast_ast\/wp-json\/wp\/v2\/media\/2647"}],"wp:attachment":[{"href":"https:\/\/verasturies.com\/ast_ast\/wp-json\/wp\/v2\/media?parent=2646"}],"wp:term":[{"taxonomy":"category","embeddable":true,"href":"https:\/\/verasturies.com\/ast_ast\/wp-json\/wp\/v2\/categories?post=2646"},{"taxonomy":"post_tag","embeddable":true,"href":"https:\/\/verasturies.com\/ast_ast\/wp-json\/wp\/v2\/tags?post=2646"}],"curies":[{"name":"wp","href":"https:\/\/api.w.org\/{rel}","templated":true}]}}