{"id":3148,"date":"2020-11-27T15:15:00","date_gmt":"2020-11-27T14:15:00","guid":{"rendered":"https:\/\/verasturies.com\/?p=3148"},"modified":"2020-11-20T13:22:30","modified_gmt":"2020-11-20T12:22:30","slug":"saul-blanco-el-mejor-jugador-asturiano-de-baloncesto-de-la-historia","status":"publish","type":"post","link":"https:\/\/verasturies.com\/ast_ast\/saul-blanco-el-mejor-jugador-asturiano-de-baloncesto-de-la-historia\/","title":{"rendered":"Sa\u00fal Blanco, el meyor xugador asturianu de baloncestu de la hestoria"},"content":{"rendered":"<p><strong>12 temporaes n'ACB (M\u00e1xima categor\u00eda del baloncestu estatal) con m\u00e1s de 300 part\u00edos y dalguna participaci\u00f3n cola Selecci\u00f3n Espa\u00f1ola Absoluta.<\/strong><\/p>\n\n\n\n<p>Sa\u00fal Blanco Gonz\u00e1lez (16 de mayu de 1985) \u2018Mirlo Blanco\u2019 ye de sobra conoc\u00edu nel baloncestu estatal y principalmente, nel asturianu. El aleru\/escolta tien una estensa trayectoria deportiva por toles categor\u00edes profesionales desque saliera de la cantera del Colexu \u00c9cole d'Uvi\u00e9u.<\/p>\n\n\n\n<p><strong><em>Trayectoria<\/em> y llogros<\/strong><\/p>\n\n\n\n<p>Con nam\u00e1s que 18 a\u00f1os, xuega en Calefacciones Farho Gij\u00f3n Baloncesto de LEB (2003). Tres dos escelentes temporaes, llega a l'ACB fichando pol Baloncesto Fuenlabrada en 2005. Ell\u00ed permanez cuatro temporaes. La primer amuesa de la calid\u00e1 de Sa\u00fal Blanco na m\u00e1xima lliga foi n'el\u00a0Showtime ACB quedando segundu nel concursu de mates. Tres delles temporaes demostrando la so calid\u00e1, esplota na 2008\/2009 nel Fuenlabrada, rexistrando dos nominaciones como <a href=\"https:\/\/www.youtube.com\/watch?v=FQMLODovT0M\" target=\"_blank\" rel=\"noreferrer noopener\">Xugador de la Xornada ACB (click equ\u00ed)<\/a>. <\/p>\n\n\n\n<p>El trabayu que realiz\u00f3 mientres eses temporaes fixeron que'l seleccionador Sergio Scariolo convoc\u00e1ralu como convid\u00e1u na concentraci\u00f3n d'Espa\u00f1a\u00a0de cara al\u00a0Eurobasket de Polonia 2009. En 2010 ye incluy\u00edu na llista de 24 xugadores pa la disputa del Campeonatu del Mundu de Turqu\u00eda. Sicas\u00ed, finalmente nun pasa la corte y nun allega a la cita. Coincidir en posici\u00f3n con figures como Juan Carlos Navarro, Sergio Llull o Rudy Fern\u00e1ndez complicaron la so entrada definitiva na selecci\u00f3n.<\/p>\n\n\n\n<figure class=\"wp-block-embed-youtube wp-block-embed is-type-video is-provider-youtube wp-embed-aspect-16-9 wp-has-aspect-ratio\"><div class=\"wp-block-embed__wrapper\">\n<iframe title=\"El Iberostar Tenerife renueva a Sa\u00fal Blanco\" width=\"500\" height=\"281\" src=\"https:\/\/www.youtube.com\/embed\/54vdEudfAh4?feature=oembed\" frameborder=\"0\" allow=\"accelerometer; autoplay; clipboard-write; encrypted-media; gyroscope; picture-in-picture; web-share\" referrerpolicy=\"strict-origin-when-cross-origin\" allowfullscreen><\/iframe>\n<\/div><\/figure>\n\n\n\n<p>Darr\u00e9u tami\u00e9n pas\u00f3 poles files d'equipos como\u00a0Unicaja M\u00e1laga,\u00a0CB Canarias\u00a0y\u00a0Real Betis\u00a0na meyor lliga d'Europa.<\/p>\n\n\n\n<p>En superando una grave mancadura, na campa\u00f1a 2017-18 incorporase al\u00a0CB Prat en LEB Oro (segunda categor\u00eda del baloncestu nacional). El siguiente exerciciu Sa\u00fal Blanco \u2018torn\u00f3 al llar\u2019 de la mano del C\u00edrculo Gij\u00f3n\u00a0de LEB Plata onde va xugar hasta la pasada temporada. Prob\u00f3 suerte en Francia, xugando na segunda categor\u00eda col <a href=\"https:\/\/www.youtube.com\/watch?v=lOa0atZUmWE\" target=\"_blank\" rel=\"noreferrer noopener\">Greis Oberhoffen (click aqu\u00ed)<\/a>. Esti a\u00f1u, \u2018Mirlo Blanco\u2019 torn\u00f3 al so Uvi\u00e9u natal de la mano del Oviedo Club Baloncesto de LEB Oru. <\/p>\n\n\n\n<p>Am\u00e1s, na so estensa trayectoria profesional destaquen les internacionalidaes coles selecciones espa\u00f1oles U16 y U20. Mientres estes consigui\u00f3 la medaya de Bronce nel Europ\u00e9u U16 de Riga (Letonia) nel a\u00f1u 2001. Los sos records absolutos na Lliga ACB son de 25 puntos, 13 rebotes, 6 asistencies, 6 recuperaciones, 6 triples, 2 tapones y 40 de valoraci\u00f3n en 2014. <\/p>","protected":false},"excerpt":{"rendered":"<p>12 temporadas en ACB (M\u00e1xima categor\u00eda del baloncesto estatal) con m\u00e1s de 300 partidos y alguna participaci\u00f3n con la Selecci\u00f3n Espa\u00f1ola Absoluta. Sa\u00fal Blanco Gonz\u00e1lez (16 de mayo de 1985) &#8216;Mirlo Blanco&#8217; es de sobra conocido en el baloncesto estatal y principalmente, en el asturiano&#8230;.<\/p>","protected":false},"author":1,"featured_media":3150,"comment_status":"open","ping_status":"open","sticky":false,"template":"","format":"standard","meta":{"footnotes":""},"categories":[328],"tags":[506,509,508,510,511,507,512],"class_list":["post-3148","post","type-post","status-publish","format-standard","has-post-thumbnail","hentry","category-personalidades","tag-acb","tag-baloncesto","tag-circulo-gijon-baloncesto","tag-deporte","tag-deporte-asturiano","tag-liga-endesa","tag-seleccion-espanola"],"amp_enabled":true,"_links":{"self":[{"href":"https:\/\/verasturies.com\/ast_ast\/wp-json\/wp\/v2\/posts\/3148","targetHints":{"allow":["GET"]}}],"collection":[{"href":"https:\/\/verasturies.com\/ast_ast\/wp-json\/wp\/v2\/posts"}],"about":[{"href":"https:\/\/verasturies.com\/ast_ast\/wp-json\/wp\/v2\/types\/post"}],"author":[{"embeddable":true,"href":"https:\/\/verasturies.com\/ast_ast\/wp-json\/wp\/v2\/users\/1"}],"replies":[{"embeddable":true,"href":"https:\/\/verasturies.com\/ast_ast\/wp-json\/wp\/v2\/comments?post=3148"}],"version-history":[{"count":0,"href":"https:\/\/verasturies.com\/ast_ast\/wp-json\/wp\/v2\/posts\/3148\/revisions"}],"wp:featuredmedia":[{"embeddable":true,"href":"https:\/\/verasturies.com\/ast_ast\/wp-json\/wp\/v2\/media\/3150"}],"wp:attachment":[{"href":"https:\/\/verasturies.com\/ast_ast\/wp-json\/wp\/v2\/media?parent=3148"}],"wp:term":[{"taxonomy":"category","embeddable":true,"href":"https:\/\/verasturies.com\/ast_ast\/wp-json\/wp\/v2\/categories?post=3148"},{"taxonomy":"post_tag","embeddable":true,"href":"https:\/\/verasturies.com\/ast_ast\/wp-json\/wp\/v2\/tags?post=3148"}],"curies":[{"name":"wp","href":"https:\/\/api.w.org\/{rel}","templated":true}]}}