{"id":4942,"date":"2021-04-09T18:07:39","date_gmt":"2021-04-09T16:07:39","guid":{"rendered":"https:\/\/verasturies.com\/?p=4942"},"modified":"2021-04-09T18:08:53","modified_gmt":"2021-04-09T16:08:53","slug":"dos-municipios-de-asturias-seleccionados-para-el-calendario-de-la-espana-vacia-2021","status":"publish","type":"post","link":"https:\/\/verasturies.com\/ast_ast\/dos-municipios-de-asturias-seleccionados-para-el-calendario-de-la-espana-vacia-2021\/","title":{"rendered":"Dos municipios de Asturias seleccionados para el &#8220;Calendario de la Espa\u00f1a Vac\u00eda&#8221; 2021"},"content":{"rendered":"<p><strong><em>La segunda edici\u00f3n del \"Calendariu de la Espa\u00f1a vac\u00eda\u201d rinde homenaxe a la maxa de dolce nuevos pueblos rec\u00f3nditos con riesgu de sumir, ente los que s'atopen Banduxu y Cueves de l'Agua<\/em><\/strong><\/p>\n\n\n\n<p>Dempu\u00e9s d'un a\u00f1u con movilid\u00e1 llindada, y cola esperanza puesta na campa\u00f1a de vacunaci\u00f3n, los espa\u00f1oles t\u00e1n impacientes por volver viaxar, tantu nes sos vacaciones como les fines de selmana. Especialmente dempu\u00e9s d'una Selmana Santa con restricciones, toles esperances t\u00e1n puestes nun branu que, con tolos precuros necesarios, esperamos poder entamar nueves y desconoc\u00edes rutes para desconectar de tantos meses d'aislamientu.<\/p>\n\n\n\n<p>Pa dar respuesta a esta molici\u00f3n, el <strong>Grupo Driver<\/strong>, rede de centros especializaos en neum\u00e1ticos y mec\u00e1nica r\u00e1pida, llanza la segunda edici\u00f3n del \u201c<strong>Calendario de la Espa\u00f1a vac\u00eda<\/strong>\u201d, con doce pueblos nuevos, pa reivindicar l'encantu del territoriu que sufre les consecuencies de la despoblaci\u00f3n y que ta en riesgu de desapaici\u00f3n, si nun s'act\u00faa r\u00e1pido.<\/p>\n\n\n\n<p>\u201d\u00c9nte les dificultaes de viaxar al estranxeru y cola ilusi\u00f3n centrada nel branu, ye'l momentu de sofitar a los pueblos de la Espa\u00f1a vac\u00eda y promover la movilid\u00e1 interna, siempres y cuando la situaci\u00f3n sanitaria lo permita. Por eso, la iniciativa convida a afayar dolce rincones rec\u00f3nditos d'Espa\u00f1a, ente los que s'atopen los asturianos <em>Banduxu<\/em> ya <em>Cueves del Agua<\/em>, pueblos con un encantu especial, de los que se da a conocer les sos hestories, les sos fiestes, la so xente y c\u00f3mo llegar a ellos per carretera. Xuntu con una semeya de cada localid\u00e1, el calendariu incl\u00fai una descripci\u00f3n individual de cada unu d'ellos y se\u00f1ala el meyor itinerariu para llegar con total enfotu\u00a0en coche hasta toos ellos.<\/p>\n\n\n\n<p>Esti viaxe puede realizase en formatu papel y tami\u00e9n online, al travi\u00e9s de la p\u00e1xina web&nbsp;<a href=\"http:\/\/www.xn--calendariodelaespaavacia-ilc.com\/\" target=\"_blank\" rel=\"noreferrer noopener\">calendariodelaespa\u00f1avacia.com<\/a>, dende onde puede descargase ya imprimise el calendariu. Esta plataforma va dexar compartir otres poblaciones al travi\u00e9s d'un formulariu onde, cualquier ciudadanu qu'asina lo deseye, va poder amestar la hestoria de la so localid\u00e1 y, d'esta miente, va tener la opci\u00f3n de participar en siguientes ediciones del calendariu. Al travi\u00e9s del hashtag <em>#CalendarioEspa\u00f1aVacia <\/em>tami\u00e9n podr\u00e1n compartise les imaxes que los usuarios publiquen nes sos redes sociales.&nbsp;<\/p>\n\n\n\n<p>Inspir\u00e1u nel m\u00edticu calendariu <em>Pirelli,<\/em> de quien el <strong>Grupo Driver<\/strong> ye partner oficial, l'oxetivu ye dar visibilid\u00e1 y protagonismu a unes poblaciones que paez que fueren escaec\u00edes y que podr\u00eden sumir si nun se pon remediu, y animar a los futuros visitantes a movese hasta elles. Pa la realizaci\u00f3n del calendariu, la compa\u00f1\u00eda cunt\u00f3 cola participaci\u00f3n y l'entusiasta collaboraci\u00f3n de los alcaldes de les localidaes y de los sos habitantes.<\/p>\n\n\n\n<p>El periodista <em>Antonio Lobato<\/em>, que ejerce como padrino de esta iniciativa y es embajador del <strong>Grupo Driver<\/strong>, celebra \u201c<em>que una marca se implique de esta forma en un concepto tan cercano y tan bonito<\/em>\u201d. Al locutor deportivo, que protagoniza las piezas audiovisuales que acompa\u00f1an al calendario, le sorprendi\u00f3 el magnetismo que desprenden estas localidades: <em>\u201cSon pueblos especiales y representativos de lo que somos y de d\u00f3nde venimos. La Espa\u00f1a vac\u00eda es un bien cultural y patrimonial del que debemos sentirnos orgullosos y tenemos que hacer todo lo que est\u00e9 en nuestras manos para preservarlo. Son peque\u00f1os pueblos y aldeas que, cuando los descubres, te enamoras.\u201d<\/em><\/p>\n\n\n\n<p>Pela so parte, el responsable de Marketing del <strong>Grupo Driver<\/strong>, Alex Vilalta, comenta que <em>\u201ca pesar de la delicada situaci\u00f3n sanitaria que estamos viviendo, hemos decidido volver a apoyar a nuestros pueblos con la segunda edici\u00f3n del Calendario de la Espa\u00f1a Vac\u00eda, siempre acompa\u00f1ado de las recomendaciones y precauciones que se deben tomar a la hora de visitarlos. Son parte de nuestro patrimonio y en los momentos dif\u00edciles es cuando m\u00e1s tenemos que apoyarlos.\u201d<\/em><\/p>\n\n\n\n<p>Les llocalidaes protagonistes del calendariu d'esti a\u00f1u son: <em>Banduxu<\/em> (Asturias), <em>B\u00e1rcena Mayor<\/em> (Cantabria), <em>Castelnou<\/em> (Teruel), <em>Cueves del Agua<\/em> (Asturias), <em>Culla<\/em> (Castell\u00f3n), <em>Genalguacil<\/em> (M\u00e1laga), <em>Mogroviejo<\/em> (Cantabria), <em>Montclar<\/em> (Barcelona),&nbsp;<em>O\u2019Cebreiro<\/em> (Lugo), <em>Pe\u00f1alba de Santiago<\/em> (Le\u00f3n), <em>Robledillo de Gata<\/em> (C\u00e1ceres) y <em>Sant Jaume de Frontany\u00e0<\/em> (Barcelona).<\/p>\n\n\n\n<p>El calendariu exemplifica el camb\u00e9u de paradigma que supon pasar unos d\u00edes de vacaciones o d'escapada de fin de selmana en una redolada rural o, inclusive, instalase n'una de les poblaciones de la <em>\u201cEspa\u00f1a vac\u00eda\u201d <\/em>de forma definitiva, agora que paez que'l teletrabayu lleg\u00f3 pa quedase. La iniciativa fai tami\u00e9n una llamada a la responsabilid\u00e1 y pide a los futuros turistes que tomen les mid\u00edes de seguranza ya hixene adecuaes cuando visiten les llocalidaes.<\/p>","protected":false},"excerpt":{"rendered":"<p>La segunda edici\u00f3n del \u201cCalendario de la Espa\u00f1a vac\u00eda\u201d rinde homenaje a la magia de doce nuevos pueblos rec\u00f3nditos con riesgo de desaparecer, entre los que se encuentran Banduxu y Cueves del Agua Despu\u00e9s de un a\u00f1o con movilidad limitada, y con la esperanza puesta&#8230;<\/p>","protected":false},"author":1,"featured_media":4946,"comment_status":"open","ping_status":"open","sticky":false,"template":"","format":"standard","meta":{"footnotes":""},"categories":[287,280],"tags":[],"class_list":["post-4942","post","type-post","status-publish","format-standard","has-post-thumbnail","hentry","category-curiosidades","category-actualidad"],"amp_enabled":true,"_links":{"self":[{"href":"https:\/\/verasturies.com\/ast_ast\/wp-json\/wp\/v2\/posts\/4942","targetHints":{"allow":["GET"]}}],"collection":[{"href":"https:\/\/verasturies.com\/ast_ast\/wp-json\/wp\/v2\/posts"}],"about":[{"href":"https:\/\/verasturies.com\/ast_ast\/wp-json\/wp\/v2\/types\/post"}],"author":[{"embeddable":true,"href":"https:\/\/verasturies.com\/ast_ast\/wp-json\/wp\/v2\/users\/1"}],"replies":[{"embeddable":true,"href":"https:\/\/verasturies.com\/ast_ast\/wp-json\/wp\/v2\/comments?post=4942"}],"version-history":[{"count":0,"href":"https:\/\/verasturies.com\/ast_ast\/wp-json\/wp\/v2\/posts\/4942\/revisions"}],"wp:featuredmedia":[{"embeddable":true,"href":"https:\/\/verasturies.com\/ast_ast\/wp-json\/wp\/v2\/media\/4946"}],"wp:attachment":[{"href":"https:\/\/verasturies.com\/ast_ast\/wp-json\/wp\/v2\/media?parent=4942"}],"wp:term":[{"taxonomy":"category","embeddable":true,"href":"https:\/\/verasturies.com\/ast_ast\/wp-json\/wp\/v2\/categories?post=4942"},{"taxonomy":"post_tag","embeddable":true,"href":"https:\/\/verasturies.com\/ast_ast\/wp-json\/wp\/v2\/tags?post=4942"}],"curies":[{"name":"wp","href":"https:\/\/api.w.org\/{rel}","templated":true}]}}