{"id":5551,"date":"2021-07-29T12:37:35","date_gmt":"2021-07-29T10:37:35","guid":{"rendered":"https:\/\/verasturies.com\/?p=5551"},"modified":"2021-07-29T12:37:37","modified_gmt":"2021-07-29T10:37:37","slug":"4-medallistas-de-oro-olimpicos-asturianos","status":"publish","type":"post","link":"https:\/\/verasturies.com\/ast_ast\/4-medallistas-de-oro-olimpicos-asturianos\/","title":{"rendered":"4 Medallistes d'oru ol\u00edmpicos asturianos"},"content":{"rendered":"<p><strong>\u00c1ngela Pumariega<\/strong><\/p>\n\n\n\n<div class=\"wp-block-image\"><figure class=\"aligncenter size-large is-resized\"><img fetchpriority=\"high\" decoding=\"async\" src=\"https:\/\/verasturies.com\/wp-content\/uploads\/2021\/07\/Pumariega.jpg\" alt=\"\" class=\"wp-image-5552\" width=\"230\" height=\"293\" srcset=\"https:\/\/verasturies.com\/wp-content\/uploads\/2021\/07\/Pumariega.jpg 300w, https:\/\/verasturies.com\/wp-content\/uploads\/2021\/07\/Pumariega-236x300.jpg 236w, https:\/\/verasturies.com\/wp-content\/uploads\/2021\/07\/Pumariega-9x12.jpg 9w\" sizes=\"(max-width: 230px) 100vw, 230px\" \/><\/figure><\/div>\n\n\n\n<p>La xixonesa compite en vela nes clases Elliot 6m y 470. Compitiendo dende los 10 a\u00f1os, ganando un campeonatu d'Espa\u00f1a en 2001. Diez a\u00f1os dempu\u00e9s, en 2011, consigui\u00f3 un gran \u00e9situ al aportar a campeona d'Europa nel primer campeonatu entam\u00e1u pola ISAF. Xusto al a\u00f1u siguiente, llogr\u00f3 faese col oru ol\u00edmpicu en Londres.<\/p>\n\n\n\n<p><strong>Samuel &#8220;Samu&#8221; S\u00e1nchez<\/strong><\/p>\n\n\n\n<figure class=\"wp-block-embed-youtube aligncenter wp-block-embed is-type-video is-provider-youtube wp-embed-aspect-16-9 wp-has-aspect-ratio\"><div class=\"wp-block-embed__wrapper\">\n<iframe title=\"Samuel S\u00e1nchez, el ciclista de oro\" width=\"500\" height=\"281\" src=\"https:\/\/www.youtube.com\/embed\/-v-Ro4CBY-8?feature=oembed\" frameborder=\"0\" allow=\"accelerometer; autoplay; clipboard-write; encrypted-media; gyroscope; picture-in-picture; web-share\" referrerpolicy=\"strict-origin-when-cross-origin\" allowfullscreen><\/iframe>\n<\/div><\/figure>\n\n\n\n<p>El ciclista d'Uvi\u00e9u tien una trayectoria envidiable nun deporte tan especial pa los asturianos como ye'l del ciclismu. Debut\u00f3 como profesional nel a\u00f1u 2000 y anque nun consigui\u00f3 nenguna victoria s\u00ed que destac\u00f3 a pesar de la so moced\u00e1, llegando a puestos destacaos magar de tener un a\u00f1u complic\u00e1u por una mancadura de rod\u00eda. Ensin dulda el so mayor \u00e9situ tuvo nos Xuegos Ol\u00edmpicos de Pequ\u00edn en 2008, onde llogr\u00f3 l'oru na modalid\u00e1 de Ruta. Uvi\u00e9u tien una estatua que recuerda esi momentu.<\/p>\n\n\n\n<p><strong>Mar\u00eda \u00c1ngeles &#8220;Masa&#8221; Rodr\u00edguez<\/strong><\/p>\n\n\n\n<figure class=\"wp-block-embed-youtube wp-block-embed is-type-video is-provider-youtube wp-embed-aspect-4-3 wp-has-aspect-ratio\"><div class=\"wp-block-embed__wrapper\">\n<iframe title=\"GOLES  FINAL FEMENINA HOCKEY BARCELONA 1992 .avi\" width=\"500\" height=\"375\" src=\"https:\/\/www.youtube.com\/embed\/NhmoqtuZpjw?feature=oembed\" frameborder=\"0\" allow=\"accelerometer; autoplay; clipboard-write; encrypted-media; gyroscope; picture-in-picture; web-share\" referrerpolicy=\"strict-origin-when-cross-origin\" allowfullscreen><\/iframe>\n<\/div><\/figure>\n\n\n\n<p>Mar\u00eda \u00c1ngeles Rodr\u00edguez, conocida por el sobrenombre de &#8220;Masa&#8221; fue parte de una hist\u00f3rica selecci\u00f3n femenina de hockey. La selecci\u00f3n trabaj\u00f3 duramente durante un a\u00f1o para prepararse para los juegos ol\u00edmpicos. El equipo convivi\u00f3 y se prepar\u00e9 tanto f\u00edsica como mentalmente de formas innovadoras por aquel entonces. Ten\u00edan claro su objetivo de llegar al m\u00e1ximo en una competici\u00f3n en la que, aunque empezaron dubitativas, fueron de menos a m\u00e1s llegando a ganar el oro en los juegos ol\u00edmpicos de Barcelona 92, entre las que estaba la gijonesa.<\/p>\n\n\n\n<p><strong>Pedro Pidal<\/strong><\/p>\n\n\n\n<figure class=\"wp-block-image size-large\"><img decoding=\"async\" width=\"620\" height=\"349\" src=\"https:\/\/verasturies.com\/wp-content\/uploads\/2021\/07\/pedro-pidal.jpg\" alt=\"\" class=\"wp-image-5555\" srcset=\"https:\/\/verasturies.com\/wp-content\/uploads\/2021\/07\/pedro-pidal.jpg 620w, https:\/\/verasturies.com\/wp-content\/uploads\/2021\/07\/pedro-pidal-300x169.jpg 300w, https:\/\/verasturies.com\/wp-content\/uploads\/2021\/07\/pedro-pidal-16x9.jpg 16w, https:\/\/verasturies.com\/wp-content\/uploads\/2021\/07\/pedro-pidal-585x329.jpg 585w\" sizes=\"(max-width: 620px) 100vw, 620px\" \/><\/figure>\n\n\n\n<p>El marqu\u00e9s de Villaviciosa fue el primer medallista ol\u00edmpico asturiano de la historia. Concretamente en Par\u00eds 1900, los segundo de la era moderna y los primeros en celebrarse lejos de Grecia. Unos juegos ol\u00edmpicos que por entonces no estaban a\u00fan profesionalizados y ten\u00edan un esp\u00edritu m\u00e1s &#8220;amateur&#8221;. De hecho, este hombre particip\u00f3 de casualidad, ya que se encontraba en ese momento visitando Par\u00eds para otros asuntos distintos. Pedro Pidal particip\u00f3 en la modalidad de &#8220;tiro al pich\u00f3n&#8221; (eran otros tiempos&#8230;), en la que qued\u00f3 segundo. Los cambios en reglas, esp\u00edritus y la poca importancia que entonces se le daba a la competici\u00f3n hace que bailen los datos (\u00bfmedalla de playa, de bronce, medalla de plata que vale bronce, descalificado m\u00e1s de cien a\u00f1os despu\u00e9s&#8230;?), y es que en 2004 estas olimpiadas sufrieron varias modificaciones al ser revisadas.<\/p>","protected":false},"excerpt":{"rendered":"<p>\u00c1ngela Pumariega La xixonesa compite en vela en las clases Elliot 6m y 470. Compitiendo desde los 10 a\u00f1os, ganando un campeonato de Espa\u00f1a en 2001. Diez a\u00f1os despu\u00e9s, en 2011, consigui\u00f3 un gran \u00e9xito al llegar a ser campeona de Europa en el primer&#8230;<\/p>","protected":false},"author":1,"featured_media":5557,"comment_status":"open","ping_status":"open","sticky":false,"template":"","format":"standard","meta":{"footnotes":""},"categories":[287,288,328],"tags":[],"class_list":["post-5551","post","type-post","status-publish","format-standard","has-post-thumbnail","hentry","category-curiosidades","category-historia","category-personalidades"],"amp_enabled":true,"_links":{"self":[{"href":"https:\/\/verasturies.com\/ast_ast\/wp-json\/wp\/v2\/posts\/5551","targetHints":{"allow":["GET"]}}],"collection":[{"href":"https:\/\/verasturies.com\/ast_ast\/wp-json\/wp\/v2\/posts"}],"about":[{"href":"https:\/\/verasturies.com\/ast_ast\/wp-json\/wp\/v2\/types\/post"}],"author":[{"embeddable":true,"href":"https:\/\/verasturies.com\/ast_ast\/wp-json\/wp\/v2\/users\/1"}],"replies":[{"embeddable":true,"href":"https:\/\/verasturies.com\/ast_ast\/wp-json\/wp\/v2\/comments?post=5551"}],"version-history":[{"count":0,"href":"https:\/\/verasturies.com\/ast_ast\/wp-json\/wp\/v2\/posts\/5551\/revisions"}],"wp:featuredmedia":[{"embeddable":true,"href":"https:\/\/verasturies.com\/ast_ast\/wp-json\/wp\/v2\/media\/5557"}],"wp:attachment":[{"href":"https:\/\/verasturies.com\/ast_ast\/wp-json\/wp\/v2\/media?parent=5551"}],"wp:term":[{"taxonomy":"category","embeddable":true,"href":"https:\/\/verasturies.com\/ast_ast\/wp-json\/wp\/v2\/categories?post=5551"},{"taxonomy":"post_tag","embeddable":true,"href":"https:\/\/verasturies.com\/ast_ast\/wp-json\/wp\/v2\/tags?post=5551"}],"curies":[{"name":"wp","href":"https:\/\/api.w.org\/{rel}","templated":true}]}}