{"id":5837,"date":"2021-11-03T11:16:36","date_gmt":"2021-11-03T10:16:36","guid":{"rendered":"https:\/\/verasturies.com\/?p=5837"},"modified":"2021-11-03T11:16:38","modified_gmt":"2021-11-03T10:16:38","slug":"el-mazo-de-meredo-un-tesoro-escondido","status":"publish","type":"post","link":"https:\/\/verasturies.com\/ast_ast\/el-mazo-de-meredo-un-tesoro-escondido\/","title":{"rendered":"El mazo de Meredo, una ayalga escondida"},"content":{"rendered":"<p><\/p>\n\n\n\n<p>El mazo de Meredo ye un conxuntu etnogr\u00e1ficu situ\u00e1u nel conceyu d\u2019A Veiga, agora dientro d\u2019un \u00e1rea recreativa, pero que mientres munchos a\u00f1os funcion\u00f3 como ferrer\u00eda gracies al usu del agua del r\u00edu Suaron como fonte d\u2019enerx\u00eda. L\u2019orixe d\u2019esti llugar nun ye seguru, pero s\u00ed que sabemos qu\u2019esiste polo menos dende\u2019l sieglu XVIII. Am\u00e1s, la llocalizaci\u00f3n d\u2019esti mazo d\u00e9bese a la tradici\u00f3n metal\u00farxica qu\u2019hai nesta zona d\u2019Asturies, cola conociencia de qu\u2019alredor d\u2019esti llugar hebo dellos mazos m\u00e1s, como\u2019l de Molex\u00f3n o Sela de Loura, ente otros.<\/p>\n\n\n\n<p>La ruta, d\u2019unos 10 kil\u00f3metros, arranca nel pueblu de Piant\u00f3n, anta\u00f1o capital del conceyu hasta\u2019l sieglu XIX y onde podemos alcontranos cola so ilesia, del sieglu XVI. Dende eh\u00ed, tomamos el cam\u00edn que va p\u2019Arcilo tres pasar el Puente Romanu, caminando ente una viesca de delles especies. En llegando a esti pueblu, vamos tomar el cam\u00edn que nos lleva a Cobre pa dempu\u00e9s desvianos per un cam\u00edn que va pa El Foxo y que nos va llevar hasta\u2019l propiu Mazo de Meredo, onde esfrutar d\u2019un paisaxe preindustrial \u00fanicu, cola cascada del Suar\u00f3n y la propia ferrer\u00eda. Depu\u00e9s d\u2019esta parada nel cam\u00edn, la ruta torna p\u2019Arcilo per otru cam\u00edn, bordeando\u2019l r\u00edu Suaron y onde vamos poder ver la casona de Sestelo, \u00fan de los edificios m\u00e1s impresionantes que podemos ver nel suroccidente asturianu. Dende Arcilo, va tomase\u2019l mesmu cam\u00edn pol que se vino, onde podremos ver una vista xeneral del valle, con tierres de llabor, praos y repoblaciones, pa llegar de nueves a Piant\u00f3n, onde se remata tami\u00e9n esta perguapa ruta.<\/p>","protected":false},"excerpt":{"rendered":"<p>El mazo de Meredo es un conjunto etnogr\u00e1fico situado en el concejo de A Veiga, ahora dentro de un \u00e1rea recreativa, pero que durante muchos a\u00f1os funcion\u00f3 como ferrer\u00eda gracias al uso del agua del r\u00edo Suar\u00f3n como fuente de energ\u00eda. El origen de este&#8230;<\/p>","protected":false},"author":1,"featured_media":5840,"comment_status":"open","ping_status":"open","sticky":false,"template":"","format":"standard","meta":{"footnotes":""},"categories":[1],"tags":[],"class_list":["post-5837","post","type-post","status-publish","format-standard","has-post-thumbnail","hentry","category-curiosidades-curiosidades"],"amp_enabled":true,"_links":{"self":[{"href":"https:\/\/verasturies.com\/ast_ast\/wp-json\/wp\/v2\/posts\/5837","targetHints":{"allow":["GET"]}}],"collection":[{"href":"https:\/\/verasturies.com\/ast_ast\/wp-json\/wp\/v2\/posts"}],"about":[{"href":"https:\/\/verasturies.com\/ast_ast\/wp-json\/wp\/v2\/types\/post"}],"author":[{"embeddable":true,"href":"https:\/\/verasturies.com\/ast_ast\/wp-json\/wp\/v2\/users\/1"}],"replies":[{"embeddable":true,"href":"https:\/\/verasturies.com\/ast_ast\/wp-json\/wp\/v2\/comments?post=5837"}],"version-history":[{"count":0,"href":"https:\/\/verasturies.com\/ast_ast\/wp-json\/wp\/v2\/posts\/5837\/revisions"}],"wp:featuredmedia":[{"embeddable":true,"href":"https:\/\/verasturies.com\/ast_ast\/wp-json\/wp\/v2\/media\/5840"}],"wp:attachment":[{"href":"https:\/\/verasturies.com\/ast_ast\/wp-json\/wp\/v2\/media?parent=5837"}],"wp:term":[{"taxonomy":"category","embeddable":true,"href":"https:\/\/verasturies.com\/ast_ast\/wp-json\/wp\/v2\/categories?post=5837"},{"taxonomy":"post_tag","embeddable":true,"href":"https:\/\/verasturies.com\/ast_ast\/wp-json\/wp\/v2\/tags?post=5837"}],"curies":[{"name":"wp","href":"https:\/\/api.w.org\/{rel}","templated":true}]}}